{"id":75333,"date":"2024-06-01T08:33:21","date_gmt":"2024-06-01T06:33:21","guid":{"rendered":"https:\/\/www.pausacaffeblog.it\/wp\/?p=75333"},"modified":"2025-05-08T16:33:46","modified_gmt":"2025-05-08T14:33:46","slug":"eventi-letterari-nel-mese-di-giugno-2024","status":"publish","type":"post","link":"https:\/\/www.pausacaffeblog.it\/wp\/2024\/06\/eventi-letterari-nel-mese-di-giugno-2024.html","title":{"rendered":"Eventi letterari nel mese di giugno 2024"},"content":{"rendered":"<p><strong>01Benvenuti nel post dedicato agli eventi letterari del mese di giugno 2024!<\/strong><\/p>\n<p>Con l\u2019arrivo dell\u2019estate, il mondo della letteratura si anima con tanti eventi culturali che celebrano la bellezza delle parole e il potere della narrazione, dalle fiere del libro alle presentazioni di nuovi romanzi, dagli incontri con autori ai laboratori di scrittura creativa, c\u2019\u00e8 qualcosa per tutti i gusti.<\/p>\n<p>Continua a leggere per scoprire i principali eventi letterari che ti attendono questo mese e preparati a vivere un\u2019esperienza indimenticabile nel meraviglioso universo della letteratura.<\/p>\n<h2 style=\"text-align: center;\"><strong>Eventi letterari nel mese di giugno 2024<\/strong><\/h2>\n<p><strong>Dal 4 al 16 Giugno<\/strong>, a Como, Cernobbio, potete partecipare al\u00a0<strong><a href=\"http:\/\/parolario.it\/\" target=\"_blank\" rel=\"noopener noreferrer\">Parolario<\/a><\/strong>, la manifestazione culturale comasca dedicata ai libri, alla lettura e alla cultura in senso pi\u00f9 vasto, fatta di incontri con scrittori, filosofi, poeti, conferenze, dibattiti, musica, passeggiate, mostre, spettacoli e cinema.<\/p>\n<p><strong>Dal 5 al 9 Giugno<\/strong>, a Sestri Levante (GE), si svolge \u00a0si svolger\u00e0 la 27\u00aa edizione di <a href=\"https:\/\/andersensestri.it\/\" target=\"_blank\" rel=\"noopener noreferrer\"><strong>Andersen Festival<\/strong><\/a>, con il\u00a0<strong>Premio letterario Hans Christian Andersen<\/strong>, nato per valorizzare la letteratura per l\u2019infanzia oggi giunto all\u2019edizione numero 57.<\/p>\n<p><strong>Dal5 al 9 giugno<\/strong>, a Procida (NA), si svolge \u00a0<a href=\"https:\/\/www.piazzadante.org\/festival\/procida-racconta\/\" target=\"_blank\" rel=\"noopener noreferrer\"><strong>Procida racconta<\/strong><\/a>, in cui ascoltare e condividere storie che nascono dall\u2019autenticit\u00e0 delle relazioni umane, punti di vista differenti capaci di trasformare il quotidiano in straordinario.<\/p>\n<p><strong>Dal 6 al 16 Giugno<\/strong>, a Genova, si svolge\u00a0<a href=\"https:\/\/www.parolespalancate.it\/\" target=\"_blank\" rel=\"noopener noreferrer\"><strong>Parole spalancate<\/strong><\/a>. Il Festival presenta la poesia in tutte le sue forme, dai classici alle ultime tendenze, e in rapporto alle altre arti, in particolare musica, cinema, teatro, arti visive.<\/p>\n<p><strong>Dal 6 al 9 Giugno<\/strong>, a Palermo, si svolge la 15esima edizione di <a href=\"https:\/\/unamarinadilibri.it\/\" target=\"_blank\" rel=\"noopener\"><strong>Una marina di libri<\/strong><\/a>, il festival dell\u2019editoria indipendente di Palermo.<\/p>\n<p><strong>Dal 13 al 16 Giugno<\/strong>, a Ragusa, si svolge la 14esima edizione di\u00a0<a href=\"https:\/\/www.atuttovolume.com\/\" target=\"_blank\" rel=\"noopener noreferrer\"><strong>A tutto volume<\/strong><\/a>, la festa dei libri e dei lettori, tre giorni di cultura, arte e bellezza \u00e8 la proposta di grande attrattiva della citt\u00e0 barocca per migliaia di lettori e turisti attesi da tutta la Sicilia e dal resto d\u2019Italia.<\/p>\n<p><strong>Dal 14 al 16 Giugno<\/strong>, a Rimini, si svolge \u00a0<strong><a href=\"http:\/\/www.maredilibri.it\/\" target=\"_blank\" rel=\"noopener noreferrer\">Mare di Libri<\/a>,<\/strong>\u00a0il Festival letterario dedicato ai ragazzi under 18 \u00e8 uno degli appuntamenti pi\u00f9 interessanti e seguiti nel panorama culturale italiano, per avvicinare i ragazzi alla lettura.<\/p>\n<p><strong>Dal 15 al 22 Giugno<\/strong>, a Salerno, si svolge il\u00a0<a href=\"http:\/\/www.salernoletteratura.com\/\" target=\"_blank\" rel=\"noopener\"><strong>Salerno letteratura festival<\/strong><\/a>,\u00a0la\u00a0festa del libro, la pi\u00f9 grande manifestazione culturale del Sud Italia vedr\u00e0 anche quest\u2019anno protagonisti narratori italiani e stranieri, giornalisti, filosofi, intellettuali ed artisti.<\/p>\n<p><strong>Dal 18 al 23 Giugno<\/strong>, a Lamezia Terme (CZ), si svolge il\u00a0<strong><a href=\"https:\/\/www.tramefestival.it\/\" target=\"_blank\" rel=\"noopener\">Trame Festival<\/a><\/strong>, il primo evento culturale in Italia dedicato ai libri sulle mafie, voce di un\u2019Italia che non vuole stare in silenzio. Per l\u2019occasione si terranno workshop e incontri con gli autori coinvolti in prima persona nella lotta alle organizzazioni criminali nel nostro paese.<\/p>\n<p><strong>Dal 19 al 22 Giugno<\/strong>, a Ventotene (LT), si svolge la 12esima edizione del Festival letterario\u00a0<a href=\"https:\/\/www.gitaalfaro.it\/\" target=\"_blank\" rel=\"noopener\"><strong>Gita al Faro<\/strong><\/a>, 6 ospiti vivranno e scopriranno l\u2019isola e in particolare Santo Stefano e il suo carcere borbonico, al fine di scrivere un racconto ispirato a questi luoghi cosi significativi per la storia del nostro Paese e dell\u2019Europa.<\/p>\n<p><strong>Dal 20 al 24 Giugno<\/strong>, a Taormina (ME), si svolge il\u00a0<strong><a href=\"https:\/\/www.taobuk.it\/\" target=\"_blank\" rel=\"noopener noreferrer\">Taobuk<\/a><\/strong>, festival letterario internazionale, che raccoglie la tradizione di Taormina quale capitale cosmopolita della letteratura, e delle arti in genere.<\/p>\n<p><strong>Dal 21 al 23 Giugno<\/strong>, a Crema (CR), si svolge \u00a0<strong><a href=\"http:\/\/www.festivalinchiostro.it\/\" target=\"_blank\" rel=\"noopener noreferrer\">Inchiostro<\/a><\/strong>, un festival letterario dedicato ai protagonisti del mondo dei libri: chi li legge, chi li scrive e chi li pubblica. Un\u2019autentica full immersion dove vivere l\u2019atmosfera della festa con incontri d\u2019eccezione, la scoperta di case editrici indipendenti, i confronti con nuovi autori emergenti e nomi affermati del panorama italiano.<\/p>\n<p><strong>Dal 26 al 30 Giugno<\/strong>, a Fano (PU), si svolge\u00a0<strong><a href=\"https:\/\/www.passaggifestival.it\/\" target=\"_blank\" rel=\"noopener noreferrer\">Passaggi Festival della Saggistica<\/a><\/strong>\u00a0\u00e8 l\u2019unica manifestazione culturale italiana dedicata ai libri di questo genere letterario votato all\u2019analisi e allo studio, al confronto e all\u2019approfondimento.<\/p>\n<p><strong>Data da definire<\/strong>, a Valeggio sul Mincio (VR), si svolge il\u00a0<a href=\"https:\/\/www.borghettodelibro.it\/\" target=\"_blank\" rel=\"noopener\"><strong>Borghetto del Libro<\/strong><\/a>, ospitato in uno dei \u201cBorghi pi\u00f9 belli d\u2019Italia\u201d, un paesaggio medievale, tra le anse del fiume Mincio, nel verde delle colline moreniche.<\/p>\n","protected":false},"excerpt":{"rendered":"<p>01Benvenuti nel post dedicato agli eventi letterari del mese di giugno 2024! Con l\u2019arrivo dell\u2019estate, il mondo della letteratura si anima con tanti eventi culturali che celebrano la bellezza delle parole e il potere della narrazione, dalle fiere del libro alle presentazioni di nuovi romanzi, dagli incontri con autori ai laboratori di scrittura creativa, c\u2019\u00e8<\/p>\n","protected":false},"author":1,"featured_media":71723,"comment_status":"open","ping_status":"closed","sticky":false,"template":"","format":"standard","meta":{"footnotes":""},"categories":[196],"tags":[315,1273,366],"class_list":{"0":"post-75333","1":"post","2":"type-post","3":"status-publish","4":"format-standard","5":"has-post-thumbnail","7":"category-curiosita-sui-libri","8":"tag-eventi","9":"tag-eventi-letterari","10":"tag-libri-2"},"yoast_head":"<!-- This site is optimized with the Yoast SEO plugin v24.1 - https:\/\/yoast.com\/wordpress\/plugins\/seo\/ -->\n<title>Eventi letterari nel mese di giugno 2024 | Pausa Caff\u00e8<\/title>\n<meta name=\"description\" content=\"Il calendario degli eventi letterari nel mese di giugno 2024 per gli appassionati di libri che amano partecipare a festival, mostre e fiere.\" \/>\n<meta name=\"robots\" content=\"index, follow, max-snippet:-1, max-image-preview:large, max-video-preview:-1\" \/>\n<link rel=\"canonical\" href=\"https:\/\/www.pausacaffeblog.it\/wp\/2024\/06\/eventi-letterari-nel-mese-di-giugno-2024.html\" \/>\n<meta property=\"og:locale\" content=\"it_IT\" \/>\n<meta property=\"og:type\" content=\"article\" \/>\n<meta property=\"og:title\" content=\"Eventi letterari nel mese di giugno 2024 | Pausa Caff\u00e8\" \/>\n<meta property=\"og:description\" content=\"Il calendario degli eventi letterari nel mese di giugno 2024 per gli appassionati di libri che amano partecipare a festival, mostre e fiere.\" \/>\n<meta property=\"og:url\" content=\"https:\/\/www.pausacaffeblog.it\/wp\/2024\/06\/eventi-letterari-nel-mese-di-giugno-2024.html\" \/>\n<meta property=\"og:site_name\" content=\"Pausa Caff\u00e8\" \/>\n<meta property=\"article:publisher\" content=\"https:\/\/www.facebook.com\/PausaCaffeBlog\/\" \/>\n<meta property=\"article:published_time\" content=\"2024-06-01T06:33:21+00:00\" \/>\n<meta property=\"article:modified_time\" content=\"2025-05-08T14:33:46+00:00\" \/>\n<meta property=\"og:image\" content=\"https:\/\/www.pausacaffeblog.it\/wp\/wp-content\/uploads\/2024\/05\/06-EVENTI-LETTERARI-giugno-2024.jpg\" \/>\n\t<meta property=\"og:image:width\" content=\"1280\" \/>\n\t<meta property=\"og:image:height\" content=\"720\" \/>\n\t<meta property=\"og:image:type\" content=\"image\/jpeg\" \/>\n<meta name=\"author\" content=\"Ketty\" \/>\n<meta name=\"twitter:card\" content=\"summary_large_image\" \/>\n<meta name=\"twitter:creator\" content=\"@pausacaffeblog\" \/>\n<meta name=\"twitter:site\" content=\"@pausacaffeblog\" \/>\n<meta name=\"twitter:label1\" content=\"Scritto da\" \/>\n\t<meta name=\"twitter:data1\" content=\"Ketty\" \/>\n\t<meta name=\"twitter:label2\" content=\"Tempo di lettura stimato\" \/>\n\t<meta name=\"twitter:data2\" content=\"4 minuti\" \/>\n<script type=\"application\/ld+json\" class=\"yoast-schema-graph\">{\"@context\":\"https:\/\/schema.org\",\"@graph\":[{\"@type\":\"Article\",\"@id\":\"https:\/\/www.pausacaffeblog.it\/wp\/2024\/06\/eventi-letterari-nel-mese-di-giugno-2024.html#article\",\"isPartOf\":{\"@id\":\"https:\/\/www.pausacaffeblog.it\/wp\/2024\/06\/eventi-letterari-nel-mese-di-giugno-2024.html\"},\"author\":{\"name\":\"Ketty\",\"@id\":\"https:\/\/www.pausacaffeblog.it\/wp\/#\/schema\/person\/69187f72250fa088f36f60ba156a2259\"},\"headline\":\"Eventi letterari nel mese di giugno 2024\",\"datePublished\":\"2024-06-01T06:33:21+00:00\",\"dateModified\":\"2025-05-08T14:33:46+00:00\",\"mainEntityOfPage\":{\"@id\":\"https:\/\/www.pausacaffeblog.it\/wp\/2024\/06\/eventi-letterari-nel-mese-di-giugno-2024.html\"},\"wordCount\":664,\"commentCount\":0,\"publisher\":{\"@id\":\"https:\/\/www.pausacaffeblog.it\/wp\/#organization\"},\"image\":{\"@id\":\"https:\/\/www.pausacaffeblog.it\/wp\/2024\/06\/eventi-letterari-nel-mese-di-giugno-2024.html#primaryimage\"},\"thumbnailUrl\":\"https:\/\/www.pausacaffeblog.it\/wp\/wp-content\/uploads\/2024\/05\/06-EVENTI-LETTERARI-giugno-2024.jpg\",\"keywords\":[\"Eventi\",\"Eventi letterari\",\"Libri\"],\"articleSection\":[\"Eventi e Curiosit\u00e0 sui Libri\"],\"inLanguage\":\"it-IT\",\"potentialAction\":[{\"@type\":\"CommentAction\",\"name\":\"Comment\",\"target\":[\"https:\/\/www.pausacaffeblog.it\/wp\/2024\/06\/eventi-letterari-nel-mese-di-giugno-2024.html#respond\"]}]},{\"@type\":\"WebPage\",\"@id\":\"https:\/\/www.pausacaffeblog.it\/wp\/2024\/06\/eventi-letterari-nel-mese-di-giugno-2024.html\",\"url\":\"https:\/\/www.pausacaffeblog.it\/wp\/2024\/06\/eventi-letterari-nel-mese-di-giugno-2024.html\",\"name\":\"Eventi letterari nel mese di giugno 2024 | Pausa Caff\u00e8\",\"isPartOf\":{\"@id\":\"https:\/\/www.pausacaffeblog.it\/wp\/#website\"},\"primaryImageOfPage\":{\"@id\":\"https:\/\/www.pausacaffeblog.it\/wp\/2024\/06\/eventi-letterari-nel-mese-di-giugno-2024.html#primaryimage\"},\"image\":{\"@id\":\"https:\/\/www.pausacaffeblog.it\/wp\/2024\/06\/eventi-letterari-nel-mese-di-giugno-2024.html#primaryimage\"},\"thumbnailUrl\":\"https:\/\/www.pausacaffeblog.it\/wp\/wp-content\/uploads\/2024\/05\/06-EVENTI-LETTERARI-giugno-2024.jpg\",\"datePublished\":\"2024-06-01T06:33:21+00:00\",\"dateModified\":\"2025-05-08T14:33:46+00:00\",\"description\":\"Il calendario degli eventi letterari nel mese di giugno 2024 per gli appassionati di libri che amano partecipare a festival, mostre e fiere.\",\"breadcrumb\":{\"@id\":\"https:\/\/www.pausacaffeblog.it\/wp\/2024\/06\/eventi-letterari-nel-mese-di-giugno-2024.html#breadcrumb\"},\"inLanguage\":\"it-IT\",\"potentialAction\":[{\"@type\":\"ReadAction\",\"target\":[\"https:\/\/www.pausacaffeblog.it\/wp\/2024\/06\/eventi-letterari-nel-mese-di-giugno-2024.html\"]}]},{\"@type\":\"ImageObject\",\"inLanguage\":\"it-IT\",\"@id\":\"https:\/\/www.pausacaffeblog.it\/wp\/2024\/06\/eventi-letterari-nel-mese-di-giugno-2024.html#primaryimage\",\"url\":\"https:\/\/www.pausacaffeblog.it\/wp\/wp-content\/uploads\/2024\/05\/06-EVENTI-LETTERARI-giugno-2024.jpg\",\"contentUrl\":\"https:\/\/www.pausacaffeblog.it\/wp\/wp-content\/uploads\/2024\/05\/06-EVENTI-LETTERARI-giugno-2024.jpg\",\"width\":1280,\"height\":720,\"caption\":\"Eventi letterari nel mese di giugno 2024\"},{\"@type\":\"BreadcrumbList\",\"@id\":\"https:\/\/www.pausacaffeblog.it\/wp\/2024\/06\/eventi-letterari-nel-mese-di-giugno-2024.html#breadcrumb\",\"itemListElement\":[{\"@type\":\"ListItem\",\"position\":1,\"name\":\"Home\",\"item\":\"https:\/\/www.pausacaffeblog.it\/wp\/\"},{\"@type\":\"ListItem\",\"position\":2,\"name\":\"Libro Caff\u00e8\",\"item\":\"https:\/\/www.pausacaffeblog.it\/wp\/category\/libri\"},{\"@type\":\"ListItem\",\"position\":3,\"name\":\"Eventi e Curiosit\u00e0 sui Libri\",\"item\":\"https:\/\/www.pausacaffeblog.it\/wp\/category\/libri\/curiosita-sui-libri\"},{\"@type\":\"ListItem\",\"position\":4,\"name\":\"Eventi letterari nel mese di giugno 2024\"}]},{\"@type\":\"WebSite\",\"@id\":\"https:\/\/www.pausacaffeblog.it\/wp\/#website\",\"url\":\"https:\/\/www.pausacaffeblog.it\/wp\/\",\"name\":\"Pausa Caff\u00e8\",\"description\":\"Il Blog per chi ama la cucina, i libri, il cinema, le serie tv, la poesia, e tutto ci\u00f2 che rappresenta la quotidiana pausa caff\u00e8.\",\"publisher\":{\"@id\":\"https:\/\/www.pausacaffeblog.it\/wp\/#organization\"},\"potentialAction\":[{\"@type\":\"SearchAction\",\"target\":{\"@type\":\"EntryPoint\",\"urlTemplate\":\"https:\/\/www.pausacaffeblog.it\/wp\/?s={search_term_string}\"},\"query-input\":{\"@type\":\"PropertyValueSpecification\",\"valueRequired\":true,\"valueName\":\"search_term_string\"}}],\"inLanguage\":\"it-IT\"},{\"@type\":\"Organization\",\"@id\":\"https:\/\/www.pausacaffeblog.it\/wp\/#organization\",\"name\":\"Pausa Caff\u00e8 Blog\",\"url\":\"https:\/\/www.pausacaffeblog.it\/wp\/\",\"logo\":{\"@type\":\"ImageObject\",\"inLanguage\":\"it-IT\",\"@id\":\"https:\/\/www.pausacaffeblog.it\/wp\/#\/schema\/logo\/image\/\",\"url\":\"https:\/\/www.pausacaffeblog.it\/wp\/wp-content\/uploads\/2014\/03\/logo_pausacaffe_app.png\",\"contentUrl\":\"https:\/\/www.pausacaffeblog.it\/wp\/wp-content\/uploads\/2014\/03\/logo_pausacaffe_app.png\",\"width\":144,\"height\":144,\"caption\":\"Pausa Caff\u00e8 Blog\"},\"image\":{\"@id\":\"https:\/\/www.pausacaffeblog.it\/wp\/#\/schema\/logo\/image\/\"},\"sameAs\":[\"https:\/\/www.facebook.com\/PausaCaffeBlog\/\",\"https:\/\/x.com\/pausacaffeblog\",\"https:\/\/www.pinterest.it\/pausacaffeblog\/\",\"https:\/\/www.instagram.com\/pausacaffeblog\/\"]},{\"@type\":\"Person\",\"@id\":\"https:\/\/www.pausacaffeblog.it\/wp\/#\/schema\/person\/69187f72250fa088f36f60ba156a2259\",\"name\":\"Ketty\",\"description\":\"Faccio i conti con la mia insaziabile voglia di conoscenza, mi piace condividere con gli altri le cose che imparo e confrontarmi, questo blog tenta di raccogliere i pezzi confusi di me.\",\"sameAs\":[\"https:\/\/www.pausacaffeblog.it\"],\"url\":\"https:\/\/www.pausacaffeblog.it\/wp\/author\/galatea\"}]}<\/script>\n<!-- \/ Yoast SEO plugin. -->","yoast_head_json":{"title":"Eventi letterari nel mese di giugno 2024 | Pausa Caff\u00e8","description":"Il calendario degli eventi letterari nel mese di giugno 2024 per gli appassionati di libri che amano partecipare a festival, mostre e fiere.","robots":{"index":"index","follow":"follow","max-snippet":"max-snippet:-1","max-image-preview":"max-image-preview:large","max-video-preview":"max-video-preview:-1"},"canonical":"https:\/\/www.pausacaffeblog.it\/wp\/2024\/06\/eventi-letterari-nel-mese-di-giugno-2024.html","og_locale":"it_IT","og_type":"article","og_title":"Eventi letterari nel mese di giugno 2024 | Pausa Caff\u00e8","og_description":"Il calendario degli eventi letterari nel mese di giugno 2024 per gli appassionati di libri che amano partecipare a festival, mostre e fiere.","og_url":"https:\/\/www.pausacaffeblog.it\/wp\/2024\/06\/eventi-letterari-nel-mese-di-giugno-2024.html","og_site_name":"Pausa Caff\u00e8","article_publisher":"https:\/\/www.facebook.com\/PausaCaffeBlog\/","article_published_time":"2024-06-01T06:33:21+00:00","article_modified_time":"2025-05-08T14:33:46+00:00","og_image":[{"width":1280,"height":720,"url":"https:\/\/www.pausacaffeblog.it\/wp\/wp-content\/uploads\/2024\/05\/06-EVENTI-LETTERARI-giugno-2024.jpg","type":"image\/jpeg"}],"author":"Ketty","twitter_card":"summary_large_image","twitter_creator":"@pausacaffeblog","twitter_site":"@pausacaffeblog","twitter_misc":{"Scritto da":"Ketty","Tempo di lettura stimato":"4 minuti"},"schema":{"@context":"https:\/\/schema.org","@graph":[{"@type":"Article","@id":"https:\/\/www.pausacaffeblog.it\/wp\/2024\/06\/eventi-letterari-nel-mese-di-giugno-2024.html#article","isPartOf":{"@id":"https:\/\/www.pausacaffeblog.it\/wp\/2024\/06\/eventi-letterari-nel-mese-di-giugno-2024.html"},"author":{"name":"Ketty","@id":"https:\/\/www.pausacaffeblog.it\/wp\/#\/schema\/person\/69187f72250fa088f36f60ba156a2259"},"headline":"Eventi letterari nel mese di giugno 2024","datePublished":"2024-06-01T06:33:21+00:00","dateModified":"2025-05-08T14:33:46+00:00","mainEntityOfPage":{"@id":"https:\/\/www.pausacaffeblog.it\/wp\/2024\/06\/eventi-letterari-nel-mese-di-giugno-2024.html"},"wordCount":664,"commentCount":0,"publisher":{"@id":"https:\/\/www.pausacaffeblog.it\/wp\/#organization"},"image":{"@id":"https:\/\/www.pausacaffeblog.it\/wp\/2024\/06\/eventi-letterari-nel-mese-di-giugno-2024.html#primaryimage"},"thumbnailUrl":"https:\/\/www.pausacaffeblog.it\/wp\/wp-content\/uploads\/2024\/05\/06-EVENTI-LETTERARI-giugno-2024.jpg","keywords":["Eventi","Eventi letterari","Libri"],"articleSection":["Eventi e Curiosit\u00e0 sui Libri"],"inLanguage":"it-IT","potentialAction":[{"@type":"CommentAction","name":"Comment","target":["https:\/\/www.pausacaffeblog.it\/wp\/2024\/06\/eventi-letterari-nel-mese-di-giugno-2024.html#respond"]}]},{"@type":"WebPage","@id":"https:\/\/www.pausacaffeblog.it\/wp\/2024\/06\/eventi-letterari-nel-mese-di-giugno-2024.html","url":"https:\/\/www.pausacaffeblog.it\/wp\/2024\/06\/eventi-letterari-nel-mese-di-giugno-2024.html","name":"Eventi letterari nel mese di giugno 2024 | Pausa Caff\u00e8","isPartOf":{"@id":"https:\/\/www.pausacaffeblog.it\/wp\/#website"},"primaryImageOfPage":{"@id":"https:\/\/www.pausacaffeblog.it\/wp\/2024\/06\/eventi-letterari-nel-mese-di-giugno-2024.html#primaryimage"},"image":{"@id":"https:\/\/www.pausacaffeblog.it\/wp\/2024\/06\/eventi-letterari-nel-mese-di-giugno-2024.html#primaryimage"},"thumbnailUrl":"https:\/\/www.pausacaffeblog.it\/wp\/wp-content\/uploads\/2024\/05\/06-EVENTI-LETTERARI-giugno-2024.jpg","datePublished":"2024-06-01T06:33:21+00:00","dateModified":"2025-05-08T14:33:46+00:00","description":"Il calendario degli eventi letterari nel mese di giugno 2024 per gli appassionati di libri che amano partecipare a festival, mostre e fiere.","breadcrumb":{"@id":"https:\/\/www.pausacaffeblog.it\/wp\/2024\/06\/eventi-letterari-nel-mese-di-giugno-2024.html#breadcrumb"},"inLanguage":"it-IT","potentialAction":[{"@type":"ReadAction","target":["https:\/\/www.pausacaffeblog.it\/wp\/2024\/06\/eventi-letterari-nel-mese-di-giugno-2024.html"]}]},{"@type":"ImageObject","inLanguage":"it-IT","@id":"https:\/\/www.pausacaffeblog.it\/wp\/2024\/06\/eventi-letterari-nel-mese-di-giugno-2024.html#primaryimage","url":"https:\/\/www.pausacaffeblog.it\/wp\/wp-content\/uploads\/2024\/05\/06-EVENTI-LETTERARI-giugno-2024.jpg","contentUrl":"https:\/\/www.pausacaffeblog.it\/wp\/wp-content\/uploads\/2024\/05\/06-EVENTI-LETTERARI-giugno-2024.jpg","width":1280,"height":720,"caption":"Eventi letterari nel mese di giugno 2024"},{"@type":"BreadcrumbList","@id":"https:\/\/www.pausacaffeblog.it\/wp\/2024\/06\/eventi-letterari-nel-mese-di-giugno-2024.html#breadcrumb","itemListElement":[{"@type":"ListItem","position":1,"name":"Home","item":"https:\/\/www.pausacaffeblog.it\/wp\/"},{"@type":"ListItem","position":2,"name":"Libro Caff\u00e8","item":"https:\/\/www.pausacaffeblog.it\/wp\/category\/libri"},{"@type":"ListItem","position":3,"name":"Eventi e Curiosit\u00e0 sui Libri","item":"https:\/\/www.pausacaffeblog.it\/wp\/category\/libri\/curiosita-sui-libri"},{"@type":"ListItem","position":4,"name":"Eventi letterari nel mese di giugno 2024"}]},{"@type":"WebSite","@id":"https:\/\/www.pausacaffeblog.it\/wp\/#website","url":"https:\/\/www.pausacaffeblog.it\/wp\/","name":"Pausa Caff\u00e8","description":"Il Blog per chi ama la cucina, i libri, il cinema, le serie tv, la poesia, e tutto ci\u00f2 che rappresenta la quotidiana pausa caff\u00e8.","publisher":{"@id":"https:\/\/www.pausacaffeblog.it\/wp\/#organization"},"potentialAction":[{"@type":"SearchAction","target":{"@type":"EntryPoint","urlTemplate":"https:\/\/www.pausacaffeblog.it\/wp\/?s={search_term_string}"},"query-input":{"@type":"PropertyValueSpecification","valueRequired":true,"valueName":"search_term_string"}}],"inLanguage":"it-IT"},{"@type":"Organization","@id":"https:\/\/www.pausacaffeblog.it\/wp\/#organization","name":"Pausa Caff\u00e8 Blog","url":"https:\/\/www.pausacaffeblog.it\/wp\/","logo":{"@type":"ImageObject","inLanguage":"it-IT","@id":"https:\/\/www.pausacaffeblog.it\/wp\/#\/schema\/logo\/image\/","url":"https:\/\/www.pausacaffeblog.it\/wp\/wp-content\/uploads\/2014\/03\/logo_pausacaffe_app.png","contentUrl":"https:\/\/www.pausacaffeblog.it\/wp\/wp-content\/uploads\/2014\/03\/logo_pausacaffe_app.png","width":144,"height":144,"caption":"Pausa Caff\u00e8 Blog"},"image":{"@id":"https:\/\/www.pausacaffeblog.it\/wp\/#\/schema\/logo\/image\/"},"sameAs":["https:\/\/www.facebook.com\/PausaCaffeBlog\/","https:\/\/x.com\/pausacaffeblog","https:\/\/www.pinterest.it\/pausacaffeblog\/","https:\/\/www.instagram.com\/pausacaffeblog\/"]},{"@type":"Person","@id":"https:\/\/www.pausacaffeblog.it\/wp\/#\/schema\/person\/69187f72250fa088f36f60ba156a2259","name":"Ketty","description":"Faccio i conti con la mia insaziabile voglia di conoscenza, mi piace condividere con gli altri le cose che imparo e confrontarmi, questo blog tenta di raccogliere i pezzi confusi di me.","sameAs":["https:\/\/www.pausacaffeblog.it"],"url":"https:\/\/www.pausacaffeblog.it\/wp\/author\/galatea"}]}},"_links":{"self":[{"href":"https:\/\/www.pausacaffeblog.it\/wp\/wp-json\/wp\/v2\/posts\/75333"}],"collection":[{"href":"https:\/\/www.pausacaffeblog.it\/wp\/wp-json\/wp\/v2\/posts"}],"about":[{"href":"https:\/\/www.pausacaffeblog.it\/wp\/wp-json\/wp\/v2\/types\/post"}],"author":[{"embeddable":true,"href":"https:\/\/www.pausacaffeblog.it\/wp\/wp-json\/wp\/v2\/users\/1"}],"replies":[{"embeddable":true,"href":"https:\/\/www.pausacaffeblog.it\/wp\/wp-json\/wp\/v2\/comments?post=75333"}],"version-history":[{"count":1,"href":"https:\/\/www.pausacaffeblog.it\/wp\/wp-json\/wp\/v2\/posts\/75333\/revisions"}],"predecessor-version":[{"id":75336,"href":"https:\/\/www.pausacaffeblog.it\/wp\/wp-json\/wp\/v2\/posts\/75333\/revisions\/75336"}],"wp:featuredmedia":[{"embeddable":true,"href":"https:\/\/www.pausacaffeblog.it\/wp\/wp-json\/wp\/v2\/media\/71723"}],"wp:attachment":[{"href":"https:\/\/www.pausacaffeblog.it\/wp\/wp-json\/wp\/v2\/media?parent=75333"}],"wp:term":[{"taxonomy":"category","embeddable":true,"href":"https:\/\/www.pausacaffeblog.it\/wp\/wp-json\/wp\/v2\/categories?post=75333"},{"taxonomy":"post_tag","embeddable":true,"href":"https:\/\/www.pausacaffeblog.it\/wp\/wp-json\/wp\/v2\/tags?post=75333"}],"curies":[{"name":"wp","href":"https:\/\/api.w.org\/{rel}","templated":true}]}}