{"id":405,"date":"2010-05-05T11:24:00","date_gmt":"2010-05-05T11:24:00","guid":{"rendered":"http:\/\/www.pausacaffeblog.it\/wp\/?p=405"},"modified":"2016-07-21T14:39:36","modified_gmt":"2016-07-21T12:39:36","slug":"michael-connelly-il-buio-oltre-la-notte","status":"publish","type":"post","link":"https:\/\/www.pausacaffeblog.it\/wp\/2010\/05\/michael-connelly-il-buio-oltre-la-notte.html","title":{"rendered":"Michael Connelly &#8211; Il buio oltre la notte"},"content":{"rendered":"<figure id=\"attachment_32792\" aria-describedby=\"caption-attachment-32792\" style=\"width: 288px\" class=\"wp-caption alignleft\"><a href=\"https:\/\/www.pausacaffeblog.it\/wp\/wp-content\/uploads\/2010\/05\/Il-buio-oltre-la-notte-350.jpg\" data-rel=\"prettyPhoto-gallery-w9OBB9v1\" data-rl_title=\"\" data-rl_caption=\"\" title=\"\"><img fetchpriority=\"high\" decoding=\"async\" class=\"wp-image-32792\" src=\"https:\/\/www.pausacaffeblog.it\/wp\/wp-content\/uploads\/2010\/05\/Il-buio-oltre-la-notte-350.jpg\" alt=\"Il buio oltre la notte 350\" width=\"288\" height=\"450\" srcset=\"https:\/\/www.pausacaffeblog.it\/wp\/wp-content\/uploads\/2010\/05\/Il-buio-oltre-la-notte-350.jpg 350w, https:\/\/www.pausacaffeblog.it\/wp\/wp-content\/uploads\/2010\/05\/Il-buio-oltre-la-notte-350-192x300.jpg 192w\" sizes=\"(max-width: 288px) 100vw, 288px\" \/><\/a><figcaption id=\"caption-attachment-32792\" class=\"wp-caption-text\"><a href=\"http:\/\/amzn.to\/2aeV85A\" target=\"_blank\">Michael Connelly &#8211; Il buio oltre la notte<\/a><\/figcaption><\/figure>\n<p><strong><a href=\"http:\/\/amzn.to\/2aeV85A\" target=\"_blank\">Il buio oltre la notte<\/a><\/strong> \u00e8 un romanzo di <a title=\"Michael Connelly\" href=\"https:\/\/www.pausacaffeblog.it\/wp\/2010\/04\/michael-connelly\/\">Michael Connelly<\/a>, edito nel 2001.<br \/>\n\u00c8 il settimo libro della lunga serie avente come protagonista il detective di 3\u00b0 grado della Polizia di Los Angeles Harry Bosch.<\/p>\n<p><em>&#8220;\u00c8 difficile trovare la mano di Dio in quello che ci tocca fare&#8230; in quello che vediamo attorno.&#8221;<\/em><\/p>\n<p><strong>Harry Bosch<\/strong>, irrequieto detective della Polizia di Los Angeles, sta cercando di incastrare un presuntuoso e violento produttore cinematografico accusato di omicidio, Terry McCaleb, ex-agente dell\u2019FBI, trascorre tranquillamente la sua vita sull\u2019isola di Catalina con la giovane moglie e la piccola Cielo. Ha inaugurato una nuova attivit\u00e0 &#8211; organizza battute di pesca di altura per i turisti &#8211; ed \u00e8 convinto di aver chiuso per sempre con le indagini e gli omicidi. Ma un giorno \u00e8 lui a restare preso all\u2019amo: l\u2019FBI ha ancora bisogno della sua lucida freddezza per tracciare il profilo di un assassino spietato, un sadico che uccide le sue vittime lentamente, strangolandole con efferata crudelt\u00e0. Tutti gli indizi che McCaleb inizia a raccogliere sembrano portare in un\u2019unica direzione, verso Harry Bosch, il cui presente \u00e8 affollato di vaste zone d\u2019ombra.<\/p>\n<p>Si tratta di una serie di omicidi di cui \u00e8 accusato un noto produttore cinematografico, un certo David Storey. Costui cerca di sfruttare tutti i suoi contatti ad alto livello per sfidare Bosch a dimostrare la sua colpevolezza.<br \/>\nL\u2019incontro, e lo scontro, \u00e8 inevitabile.<br \/>\nOra il processo \u00e8 prossimo alla conclusione e la testimonianza del detective \u00e8 messa in discussione dai sospetti che si addensano su di lui. Solo convincendo McCaleb a collaborare e ad abbandonare la sua isola di pace, Bosch avr\u00e0 un&#8217;ultima possibilit\u00e0 di inchiodare un assassino astuto e perverso, deciso a tutto pur di attirare anche lui nel mondo di ombre in cui si muove e si nasconde.<\/p>\n<p>&#8220;Quelli di Connelly sono thriller con l&#8217;anima. Di quelli che non puoi iniziare a leggere prima di andare a dormire perch\u00e9 sai gi\u00e0 che dovrai andare avanti fino a mattina.&#8221; (Carlo Lucarelli)<br \/>\n&#8220;Michael Connelly \u00e8 un formidabile inventore di trame.&#8221; (Corrado Augias &#8211; La Repubblica)<br \/>\n&#8220;Il suo racconto \u00e8 pieno di colpi di scena, le sue trovate investigative sono d&#8217;alta scuola.&#8221; (Antonio D&#8217;Orrico &#8211; Corriere della Sera)<\/p>\n<p><strong>E&#8217; stato il primo libro<\/strong> che ho letto di questo autore, Connelly si \u00e8 rivelato un ottimo scrittore di legal thriller, la parte che mi ha tenuto pi\u00f9 in suspence \u00e8 stata quella riguardante il processo. L&#8217;equilibrio \u00e8 sempre sottile, tra bene e male, giustizia e vendetta, il finale \u00e8 trito e ritrito, ma \u00e8 comunque un libro da leggere.<\/p>\n<p><em>Bosch guard\u00f2 attraverso lo spioncino quadrato e vide che l&#8217;uomo era solo. Estrasse la pistola dalla fondina e, come da procedura, la porse all&#8217;agente di guardia. La porta d&#8217;acciaio non era chiusa a chiave. Immediatamente un odore di sudore e vomito gli colp\u00ec le narici.<br \/>\n\u00abDa quanto \u00e8 qui?\u00bb<br \/>\n\u00abPi\u00f9 o meno tre ore\u00bb rispose l&#8217;agente.<br \/>\nBosch entr\u00f2 nella cella e fiss\u00f2 la figura bocconi sul pavimento.<br \/>\n\u00abBene, puoi chiudere adesso.\u00bb<br \/>\n\u00abMi chiami quando ha finito.\u00bb<\/em><\/p>\n<p><iframe style=\"width:120px;height:240px;\" marginwidth=\"0\" marginheight=\"0\" scrolling=\"no\" frameborder=\"0\" src=\"\/\/rcm-eu.amazon-adsystem.com\/e\/cm?lt1=_blank&#038;bc1=000000&#038;IS2=1&#038;bg1=FFFFFF&#038;fc1=000000&#038;lc1=0000FF&#038;t=pausacaffeblo-21&#038;o=29&#038;p=8&#038;l=as4&#038;m=amazon&#038;f=ifr&#038;ref=as_ss_li_til&#038;asins=8868366797&#038;linkId=69afaf1a1a4f0d2b6df73d724df649e6\"><\/iframe><\/p>\n","protected":false},"excerpt":{"rendered":"<p>Il buio oltre la notte \u00e8 un romanzo di Michael Connelly, edito nel 2001. \u00c8 il settimo libro della lunga serie avente come protagonista il detective di 3\u00b0 grado della Polizia di Los Angeles Harry Bosch. &#8220;\u00c8 difficile trovare la mano di Dio in quello che ci tocca fare&#8230; in quello che vediamo attorno.&#8221; Harry<\/p>\n","protected":false},"author":1,"featured_media":32790,"comment_status":"open","ping_status":"open","sticky":false,"template":"","format":"standard","meta":{"footnotes":""},"categories":[212,190],"tags":[28,144],"class_list":{"0":"post-405","1":"post","2":"type-post","3":"status-publish","4":"format-standard","5":"has-post-thumbnail","7":"category-connelly-michael","8":"category-giallo-thriller-poliziesco-noir","9":"tag-giallo-thriller-noir","10":"tag-michael-connelly"},"yoast_head":"<!-- This site is optimized with the Yoast SEO plugin v24.1 - https:\/\/yoast.com\/wordpress\/plugins\/seo\/ -->\n<title>Michael Connelly - Il buio oltre la notte | Pausa Caff\u00e8<\/title>\n<meta name=\"robots\" content=\"index, follow, max-snippet:-1, max-image-preview:large, max-video-preview:-1\" \/>\n<link rel=\"canonical\" href=\"https:\/\/www.pausacaffeblog.it\/wp\/2010\/05\/michael-connelly-il-buio-oltre-la-notte.html\" \/>\n<meta property=\"og:locale\" content=\"it_IT\" \/>\n<meta property=\"og:type\" content=\"article\" \/>\n<meta property=\"og:title\" content=\"Michael Connelly - Il buio oltre la notte | Pausa Caff\u00e8\" \/>\n<meta property=\"og:description\" content=\"Il buio oltre la notte \u00e8 un romanzo di Michael Connelly, edito nel 2001. \u00c8 il settimo libro della lunga serie avente come protagonista il detective di 3\u00b0 grado della Polizia di Los Angeles Harry Bosch. &#8220;\u00c8 difficile trovare la mano di Dio in quello che ci tocca fare&#8230; in quello che vediamo attorno.&#8221; Harry\" \/>\n<meta property=\"og:url\" content=\"https:\/\/www.pausacaffeblog.it\/wp\/2010\/05\/michael-connelly-il-buio-oltre-la-notte.html\" \/>\n<meta property=\"og:site_name\" content=\"Pausa Caff\u00e8\" \/>\n<meta property=\"article:publisher\" content=\"https:\/\/www.facebook.com\/PausaCaffeBlog\/\" \/>\n<meta property=\"article:published_time\" content=\"2010-05-05T11:24:00+00:00\" \/>\n<meta property=\"article:modified_time\" content=\"2016-07-21T12:39:36+00:00\" \/>\n<meta property=\"og:image\" content=\"https:\/\/www.pausacaffeblog.it\/wp\/wp-content\/uploads\/2010\/05\/Il-buio-oltre-la-notte-met\u00e0.jpg\" \/>\n\t<meta property=\"og:image:width\" content=\"800\" \/>\n\t<meta property=\"og:image:height\" content=\"453\" \/>\n\t<meta property=\"og:image:type\" content=\"image\/jpeg\" \/>\n<meta name=\"author\" content=\"Ketty\" \/>\n<meta name=\"twitter:card\" content=\"summary_large_image\" \/>\n<meta name=\"twitter:creator\" content=\"@pausacaffeblog\" \/>\n<meta name=\"twitter:site\" content=\"@pausacaffeblog\" \/>\n<meta name=\"twitter:label1\" content=\"Scritto da\" \/>\n\t<meta name=\"twitter:data1\" content=\"Ketty\" \/>\n\t<meta name=\"twitter:label2\" content=\"Tempo di lettura stimato\" \/>\n\t<meta name=\"twitter:data2\" content=\"3 minuti\" \/>\n<script type=\"application\/ld+json\" class=\"yoast-schema-graph\">{\"@context\":\"https:\/\/schema.org\",\"@graph\":[{\"@type\":\"Article\",\"@id\":\"https:\/\/www.pausacaffeblog.it\/wp\/2010\/05\/michael-connelly-il-buio-oltre-la-notte.html#article\",\"isPartOf\":{\"@id\":\"https:\/\/www.pausacaffeblog.it\/wp\/2010\/05\/michael-connelly-il-buio-oltre-la-notte.html\"},\"author\":{\"name\":\"Ketty\",\"@id\":\"https:\/\/www.pausacaffeblog.it\/wp\/#\/schema\/person\/69187f72250fa088f36f60ba156a2259\"},\"headline\":\"Michael Connelly &#8211; Il buio oltre la notte\",\"datePublished\":\"2010-05-05T11:24:00+00:00\",\"dateModified\":\"2016-07-21T12:39:36+00:00\",\"mainEntityOfPage\":{\"@id\":\"https:\/\/www.pausacaffeblog.it\/wp\/2010\/05\/michael-connelly-il-buio-oltre-la-notte.html\"},\"wordCount\":521,\"commentCount\":0,\"publisher\":{\"@id\":\"https:\/\/www.pausacaffeblog.it\/wp\/#organization\"},\"image\":{\"@id\":\"https:\/\/www.pausacaffeblog.it\/wp\/2010\/05\/michael-connelly-il-buio-oltre-la-notte.html#primaryimage\"},\"thumbnailUrl\":\"https:\/\/www.pausacaffeblog.it\/wp\/wp-content\/uploads\/2010\/05\/Il-buio-oltre-la-notte-met\u00e0.jpg\",\"keywords\":[\"Giallo - Thriller - Noir\",\"Michael Connelly\"],\"articleSection\":[\"Connelly Michael\",\"Giallo - Thriller - noir\"],\"inLanguage\":\"it-IT\",\"potentialAction\":[{\"@type\":\"CommentAction\",\"name\":\"Comment\",\"target\":[\"https:\/\/www.pausacaffeblog.it\/wp\/2010\/05\/michael-connelly-il-buio-oltre-la-notte.html#respond\"]}]},{\"@type\":\"WebPage\",\"@id\":\"https:\/\/www.pausacaffeblog.it\/wp\/2010\/05\/michael-connelly-il-buio-oltre-la-notte.html\",\"url\":\"https:\/\/www.pausacaffeblog.it\/wp\/2010\/05\/michael-connelly-il-buio-oltre-la-notte.html\",\"name\":\"Michael Connelly - Il buio oltre la notte | Pausa Caff\u00e8\",\"isPartOf\":{\"@id\":\"https:\/\/www.pausacaffeblog.it\/wp\/#website\"},\"primaryImageOfPage\":{\"@id\":\"https:\/\/www.pausacaffeblog.it\/wp\/2010\/05\/michael-connelly-il-buio-oltre-la-notte.html#primaryimage\"},\"image\":{\"@id\":\"https:\/\/www.pausacaffeblog.it\/wp\/2010\/05\/michael-connelly-il-buio-oltre-la-notte.html#primaryimage\"},\"thumbnailUrl\":\"https:\/\/www.pausacaffeblog.it\/wp\/wp-content\/uploads\/2010\/05\/Il-buio-oltre-la-notte-met\u00e0.jpg\",\"datePublished\":\"2010-05-05T11:24:00+00:00\",\"dateModified\":\"2016-07-21T12:39:36+00:00\",\"breadcrumb\":{\"@id\":\"https:\/\/www.pausacaffeblog.it\/wp\/2010\/05\/michael-connelly-il-buio-oltre-la-notte.html#breadcrumb\"},\"inLanguage\":\"it-IT\",\"potentialAction\":[{\"@type\":\"ReadAction\",\"target\":[\"https:\/\/www.pausacaffeblog.it\/wp\/2010\/05\/michael-connelly-il-buio-oltre-la-notte.html\"]}]},{\"@type\":\"ImageObject\",\"inLanguage\":\"it-IT\",\"@id\":\"https:\/\/www.pausacaffeblog.it\/wp\/2010\/05\/michael-connelly-il-buio-oltre-la-notte.html#primaryimage\",\"url\":\"https:\/\/www.pausacaffeblog.it\/wp\/wp-content\/uploads\/2010\/05\/Il-buio-oltre-la-notte-met\u00e0.jpg\",\"contentUrl\":\"https:\/\/www.pausacaffeblog.it\/wp\/wp-content\/uploads\/2010\/05\/Il-buio-oltre-la-notte-met\u00e0.jpg\",\"width\":800,\"height\":453},{\"@type\":\"BreadcrumbList\",\"@id\":\"https:\/\/www.pausacaffeblog.it\/wp\/2010\/05\/michael-connelly-il-buio-oltre-la-notte.html#breadcrumb\",\"itemListElement\":[{\"@type\":\"ListItem\",\"position\":1,\"name\":\"Home\",\"item\":\"https:\/\/www.pausacaffeblog.it\/wp\/\"},{\"@type\":\"ListItem\",\"position\":2,\"name\":\"Libro Caff\u00e8\",\"item\":\"https:\/\/www.pausacaffeblog.it\/wp\/category\/libri\"},{\"@type\":\"ListItem\",\"position\":3,\"name\":\"Autori Libri\",\"item\":\"https:\/\/www.pausacaffeblog.it\/wp\/category\/libri\/autori-libri\"},{\"@type\":\"ListItem\",\"position\":4,\"name\":\"Connelly Michael\",\"item\":\"https:\/\/www.pausacaffeblog.it\/wp\/category\/libri\/autori-libri\/connelly-michael\"},{\"@type\":\"ListItem\",\"position\":5,\"name\":\"Michael Connelly &#8211; Il buio oltre la notte\"}]},{\"@type\":\"WebSite\",\"@id\":\"https:\/\/www.pausacaffeblog.it\/wp\/#website\",\"url\":\"https:\/\/www.pausacaffeblog.it\/wp\/\",\"name\":\"Pausa Caff\u00e8\",\"description\":\"Il Blog per chi ama la cucina, i libri, il cinema, le serie tv, la poesia, e tutto ci\u00f2 che rappresenta la quotidiana pausa caff\u00e8.\",\"publisher\":{\"@id\":\"https:\/\/www.pausacaffeblog.it\/wp\/#organization\"},\"potentialAction\":[{\"@type\":\"SearchAction\",\"target\":{\"@type\":\"EntryPoint\",\"urlTemplate\":\"https:\/\/www.pausacaffeblog.it\/wp\/?s={search_term_string}\"},\"query-input\":{\"@type\":\"PropertyValueSpecification\",\"valueRequired\":true,\"valueName\":\"search_term_string\"}}],\"inLanguage\":\"it-IT\"},{\"@type\":\"Organization\",\"@id\":\"https:\/\/www.pausacaffeblog.it\/wp\/#organization\",\"name\":\"Pausa Caff\u00e8 Blog\",\"url\":\"https:\/\/www.pausacaffeblog.it\/wp\/\",\"logo\":{\"@type\":\"ImageObject\",\"inLanguage\":\"it-IT\",\"@id\":\"https:\/\/www.pausacaffeblog.it\/wp\/#\/schema\/logo\/image\/\",\"url\":\"https:\/\/www.pausacaffeblog.it\/wp\/wp-content\/uploads\/2014\/03\/logo_pausacaffe_app.png\",\"contentUrl\":\"https:\/\/www.pausacaffeblog.it\/wp\/wp-content\/uploads\/2014\/03\/logo_pausacaffe_app.png\",\"width\":144,\"height\":144,\"caption\":\"Pausa Caff\u00e8 Blog\"},\"image\":{\"@id\":\"https:\/\/www.pausacaffeblog.it\/wp\/#\/schema\/logo\/image\/\"},\"sameAs\":[\"https:\/\/www.facebook.com\/PausaCaffeBlog\/\",\"https:\/\/x.com\/pausacaffeblog\",\"https:\/\/www.pinterest.it\/pausacaffeblog\/\",\"https:\/\/www.instagram.com\/pausacaffeblog\/\"]},{\"@type\":\"Person\",\"@id\":\"https:\/\/www.pausacaffeblog.it\/wp\/#\/schema\/person\/69187f72250fa088f36f60ba156a2259\",\"name\":\"Ketty\",\"description\":\"Faccio i conti con la mia insaziabile voglia di conoscenza, mi piace condividere con gli altri le cose che imparo e confrontarmi, questo blog tenta di raccogliere i pezzi confusi di me.\",\"sameAs\":[\"https:\/\/www.pausacaffeblog.it\"],\"url\":\"https:\/\/www.pausacaffeblog.it\/wp\/author\/galatea\"}]}<\/script>\n<!-- \/ Yoast SEO plugin. -->","yoast_head_json":{"title":"Michael Connelly - Il buio oltre la notte | Pausa Caff\u00e8","robots":{"index":"index","follow":"follow","max-snippet":"max-snippet:-1","max-image-preview":"max-image-preview:large","max-video-preview":"max-video-preview:-1"},"canonical":"https:\/\/www.pausacaffeblog.it\/wp\/2010\/05\/michael-connelly-il-buio-oltre-la-notte.html","og_locale":"it_IT","og_type":"article","og_title":"Michael Connelly - Il buio oltre la notte | Pausa Caff\u00e8","og_description":"Il buio oltre la notte \u00e8 un romanzo di Michael Connelly, edito nel 2001. \u00c8 il settimo libro della lunga serie avente come protagonista il detective di 3\u00b0 grado della Polizia di Los Angeles Harry Bosch. &#8220;\u00c8 difficile trovare la mano di Dio in quello che ci tocca fare&#8230; in quello che vediamo attorno.&#8221; Harry","og_url":"https:\/\/www.pausacaffeblog.it\/wp\/2010\/05\/michael-connelly-il-buio-oltre-la-notte.html","og_site_name":"Pausa Caff\u00e8","article_publisher":"https:\/\/www.facebook.com\/PausaCaffeBlog\/","article_published_time":"2010-05-05T11:24:00+00:00","article_modified_time":"2016-07-21T12:39:36+00:00","og_image":[{"width":800,"height":453,"url":"https:\/\/www.pausacaffeblog.it\/wp\/wp-content\/uploads\/2010\/05\/Il-buio-oltre-la-notte-met\u00e0.jpg","type":"image\/jpeg"}],"author":"Ketty","twitter_card":"summary_large_image","twitter_creator":"@pausacaffeblog","twitter_site":"@pausacaffeblog","twitter_misc":{"Scritto da":"Ketty","Tempo di lettura stimato":"3 minuti"},"schema":{"@context":"https:\/\/schema.org","@graph":[{"@type":"Article","@id":"https:\/\/www.pausacaffeblog.it\/wp\/2010\/05\/michael-connelly-il-buio-oltre-la-notte.html#article","isPartOf":{"@id":"https:\/\/www.pausacaffeblog.it\/wp\/2010\/05\/michael-connelly-il-buio-oltre-la-notte.html"},"author":{"name":"Ketty","@id":"https:\/\/www.pausacaffeblog.it\/wp\/#\/schema\/person\/69187f72250fa088f36f60ba156a2259"},"headline":"Michael Connelly &#8211; Il buio oltre la notte","datePublished":"2010-05-05T11:24:00+00:00","dateModified":"2016-07-21T12:39:36+00:00","mainEntityOfPage":{"@id":"https:\/\/www.pausacaffeblog.it\/wp\/2010\/05\/michael-connelly-il-buio-oltre-la-notte.html"},"wordCount":521,"commentCount":0,"publisher":{"@id":"https:\/\/www.pausacaffeblog.it\/wp\/#organization"},"image":{"@id":"https:\/\/www.pausacaffeblog.it\/wp\/2010\/05\/michael-connelly-il-buio-oltre-la-notte.html#primaryimage"},"thumbnailUrl":"https:\/\/www.pausacaffeblog.it\/wp\/wp-content\/uploads\/2010\/05\/Il-buio-oltre-la-notte-met\u00e0.jpg","keywords":["Giallo - Thriller - Noir","Michael Connelly"],"articleSection":["Connelly Michael","Giallo - Thriller - noir"],"inLanguage":"it-IT","potentialAction":[{"@type":"CommentAction","name":"Comment","target":["https:\/\/www.pausacaffeblog.it\/wp\/2010\/05\/michael-connelly-il-buio-oltre-la-notte.html#respond"]}]},{"@type":"WebPage","@id":"https:\/\/www.pausacaffeblog.it\/wp\/2010\/05\/michael-connelly-il-buio-oltre-la-notte.html","url":"https:\/\/www.pausacaffeblog.it\/wp\/2010\/05\/michael-connelly-il-buio-oltre-la-notte.html","name":"Michael Connelly - Il buio oltre la notte | Pausa Caff\u00e8","isPartOf":{"@id":"https:\/\/www.pausacaffeblog.it\/wp\/#website"},"primaryImageOfPage":{"@id":"https:\/\/www.pausacaffeblog.it\/wp\/2010\/05\/michael-connelly-il-buio-oltre-la-notte.html#primaryimage"},"image":{"@id":"https:\/\/www.pausacaffeblog.it\/wp\/2010\/05\/michael-connelly-il-buio-oltre-la-notte.html#primaryimage"},"thumbnailUrl":"https:\/\/www.pausacaffeblog.it\/wp\/wp-content\/uploads\/2010\/05\/Il-buio-oltre-la-notte-met\u00e0.jpg","datePublished":"2010-05-05T11:24:00+00:00","dateModified":"2016-07-21T12:39:36+00:00","breadcrumb":{"@id":"https:\/\/www.pausacaffeblog.it\/wp\/2010\/05\/michael-connelly-il-buio-oltre-la-notte.html#breadcrumb"},"inLanguage":"it-IT","potentialAction":[{"@type":"ReadAction","target":["https:\/\/www.pausacaffeblog.it\/wp\/2010\/05\/michael-connelly-il-buio-oltre-la-notte.html"]}]},{"@type":"ImageObject","inLanguage":"it-IT","@id":"https:\/\/www.pausacaffeblog.it\/wp\/2010\/05\/michael-connelly-il-buio-oltre-la-notte.html#primaryimage","url":"https:\/\/www.pausacaffeblog.it\/wp\/wp-content\/uploads\/2010\/05\/Il-buio-oltre-la-notte-met\u00e0.jpg","contentUrl":"https:\/\/www.pausacaffeblog.it\/wp\/wp-content\/uploads\/2010\/05\/Il-buio-oltre-la-notte-met\u00e0.jpg","width":800,"height":453},{"@type":"BreadcrumbList","@id":"https:\/\/www.pausacaffeblog.it\/wp\/2010\/05\/michael-connelly-il-buio-oltre-la-notte.html#breadcrumb","itemListElement":[{"@type":"ListItem","position":1,"name":"Home","item":"https:\/\/www.pausacaffeblog.it\/wp\/"},{"@type":"ListItem","position":2,"name":"Libro Caff\u00e8","item":"https:\/\/www.pausacaffeblog.it\/wp\/category\/libri"},{"@type":"ListItem","position":3,"name":"Autori Libri","item":"https:\/\/www.pausacaffeblog.it\/wp\/category\/libri\/autori-libri"},{"@type":"ListItem","position":4,"name":"Connelly Michael","item":"https:\/\/www.pausacaffeblog.it\/wp\/category\/libri\/autori-libri\/connelly-michael"},{"@type":"ListItem","position":5,"name":"Michael Connelly &#8211; Il buio oltre la notte"}]},{"@type":"WebSite","@id":"https:\/\/www.pausacaffeblog.it\/wp\/#website","url":"https:\/\/www.pausacaffeblog.it\/wp\/","name":"Pausa Caff\u00e8","description":"Il Blog per chi ama la cucina, i libri, il cinema, le serie tv, la poesia, e tutto ci\u00f2 che rappresenta la quotidiana pausa caff\u00e8.","publisher":{"@id":"https:\/\/www.pausacaffeblog.it\/wp\/#organization"},"potentialAction":[{"@type":"SearchAction","target":{"@type":"EntryPoint","urlTemplate":"https:\/\/www.pausacaffeblog.it\/wp\/?s={search_term_string}"},"query-input":{"@type":"PropertyValueSpecification","valueRequired":true,"valueName":"search_term_string"}}],"inLanguage":"it-IT"},{"@type":"Organization","@id":"https:\/\/www.pausacaffeblog.it\/wp\/#organization","name":"Pausa Caff\u00e8 Blog","url":"https:\/\/www.pausacaffeblog.it\/wp\/","logo":{"@type":"ImageObject","inLanguage":"it-IT","@id":"https:\/\/www.pausacaffeblog.it\/wp\/#\/schema\/logo\/image\/","url":"https:\/\/www.pausacaffeblog.it\/wp\/wp-content\/uploads\/2014\/03\/logo_pausacaffe_app.png","contentUrl":"https:\/\/www.pausacaffeblog.it\/wp\/wp-content\/uploads\/2014\/03\/logo_pausacaffe_app.png","width":144,"height":144,"caption":"Pausa Caff\u00e8 Blog"},"image":{"@id":"https:\/\/www.pausacaffeblog.it\/wp\/#\/schema\/logo\/image\/"},"sameAs":["https:\/\/www.facebook.com\/PausaCaffeBlog\/","https:\/\/x.com\/pausacaffeblog","https:\/\/www.pinterest.it\/pausacaffeblog\/","https:\/\/www.instagram.com\/pausacaffeblog\/"]},{"@type":"Person","@id":"https:\/\/www.pausacaffeblog.it\/wp\/#\/schema\/person\/69187f72250fa088f36f60ba156a2259","name":"Ketty","description":"Faccio i conti con la mia insaziabile voglia di conoscenza, mi piace condividere con gli altri le cose che imparo e confrontarmi, questo blog tenta di raccogliere i pezzi confusi di me.","sameAs":["https:\/\/www.pausacaffeblog.it"],"url":"https:\/\/www.pausacaffeblog.it\/wp\/author\/galatea"}]}},"_links":{"self":[{"href":"https:\/\/www.pausacaffeblog.it\/wp\/wp-json\/wp\/v2\/posts\/405"}],"collection":[{"href":"https:\/\/www.pausacaffeblog.it\/wp\/wp-json\/wp\/v2\/posts"}],"about":[{"href":"https:\/\/www.pausacaffeblog.it\/wp\/wp-json\/wp\/v2\/types\/post"}],"author":[{"embeddable":true,"href":"https:\/\/www.pausacaffeblog.it\/wp\/wp-json\/wp\/v2\/users\/1"}],"replies":[{"embeddable":true,"href":"https:\/\/www.pausacaffeblog.it\/wp\/wp-json\/wp\/v2\/comments?post=405"}],"version-history":[{"count":0,"href":"https:\/\/www.pausacaffeblog.it\/wp\/wp-json\/wp\/v2\/posts\/405\/revisions"}],"wp:featuredmedia":[{"embeddable":true,"href":"https:\/\/www.pausacaffeblog.it\/wp\/wp-json\/wp\/v2\/media\/32790"}],"wp:attachment":[{"href":"https:\/\/www.pausacaffeblog.it\/wp\/wp-json\/wp\/v2\/media?parent=405"}],"wp:term":[{"taxonomy":"category","embeddable":true,"href":"https:\/\/www.pausacaffeblog.it\/wp\/wp-json\/wp\/v2\/categories?post=405"},{"taxonomy":"post_tag","embeddable":true,"href":"https:\/\/www.pausacaffeblog.it\/wp\/wp-json\/wp\/v2\/tags?post=405"}],"curies":[{"name":"wp","href":"https:\/\/api.w.org\/{rel}","templated":true}]}}